{"id":12081,"date":"2025-04-17T17:56:20","date_gmt":"2025-04-17T09:56:20","guid":{"rendered":"https:\/\/aolait.com\/?p=12081"},"modified":"2025-04-17T17:56:20","modified_gmt":"2025-04-17T09:56:20","slug":"what-is-a-wash-moving-head-a-complete-guide-for-beginners","status":"publish","type":"post","link":"https:\/\/aolait.com\/tr\/yikama-basligi-nedir-yeni-baslayanlar-icin-eksiksiz-bir-kilavuz\/","title":{"rendered":"Y\u0131kama Hareketli Ba\u015fl\u0131k Nedir? Yeni Ba\u015flayanlar \u0130\u00e7in Eksiksiz Bir K\u0131lavuz"},"content":{"rendered":"<p>Wash moving head lights are essential tools in the world of stage lighting. Whether you&#8217;re lighting up a concert, wedding, club, or theater, these fixtures create soft, colorful washes that fill the stage with atmosphere and emotion. But what exactly is a wash moving head, and how is it different from other types of lights like beam or spot?<\/p>\n<p>Bu k\u0131lavuzda, nas\u0131l \u00e7al\u0131\u015ft\u0131klar\u0131ndan do\u011fru olan\u0131 nas\u0131l se\u00e7ece\u011finize kadar hareketli y\u0131kama farlar\u0131 hakk\u0131nda bilmeniz gereken her \u015feyi a\u00e7\u0131klayaca\u011f\u0131z.<\/p>\n<h2>Y\u0131kama Hareketli Ba\u015fl\u0131k I\u015f\u0131\u011f\u0131 Nedir?<\/h2>\n<p>A <strong>y\u0131kama hareketli ba\u015fl\u0131\u011f\u0131<\/strong> geni\u015f bir alana geni\u015f, p\u00fcr\u00fczs\u00fcz bir \u0131\u015f\u0131k demeti yans\u0131tan, e\u011fen ve yans\u0131tan ak\u0131ll\u0131 bir ayd\u0131nlatma armat\u00fcr\u00fcd\u00fcr. Dar \u0131\u015f\u0131nl\u0131 spotlar\u0131n veya keskin \u0131\u015f\u0131nl\u0131 \u0131\u015f\u0131klar\u0131n aksine, y\u0131kama \u0131\u015f\u0131klar\u0131 sahneyi, arka plan\u0131 veya sanat\u00e7\u0131lar\u0131 renk ve ambiyansla y\u0131kamak i\u00e7in kullan\u0131l\u0131r.<\/p>\n<h3>Y\u0131kama Hareketli Ba\u015fl\u0131klar\u0131n\u0131n Temel \u00d6zellikleri:<\/h3>\n<ul>\n<li><strong>Geni\u015f \u0131\u015f\u0131n a\u00e7\u0131s\u0131<\/strong> (tipik olarak 10\u00b0 ila 60\u00b0, genellikle motorlu zoom)<\/li>\n<li><strong>P\u00fcr\u00fczs\u00fcz renk kar\u0131\u015f\u0131m\u0131<\/strong> (RGBW, RGBWA veya CMY renk kar\u0131\u015ft\u0131rma)<\/li>\n<li><strong>E\u015fit \u0131\u015f\u0131k da\u011f\u0131l\u0131m\u0131<\/strong> - sert kenarlar yok<\/li>\n<li><strong>Dinamik hareket i\u00e7in motorlu pan\/tilt<\/strong><\/li>\n<\/ul>\n<p><img fetchpriority=\"high\" decoding=\"async\" src=\"https:\/\/aolait.com\/wp-content\/uploads\/2025\/04\/13901744869696_.pic_.jpg\" alt=\"Led Y\u0131kama Hareketli Kafa I\u015f\u0131\u011f\u0131\" width=\"1216\" height=\"812\" class=\"size-full wp-image-12031\" srcset=\"https:\/\/aolait.com\/wp-content\/uploads\/2025\/04\/13901744869696_.pic_.jpg 1216w, https:\/\/aolait.com\/wp-content\/uploads\/2025\/04\/13901744869696_.pic_-300x200.jpg 300w, https:\/\/aolait.com\/wp-content\/uploads\/2025\/04\/13901744869696_.pic_-1024x684.jpg 1024w, https:\/\/aolait.com\/wp-content\/uploads\/2025\/04\/13901744869696_.pic_-768x513.jpg 768w, https:\/\/aolait.com\/wp-content\/uploads\/2025\/04\/13901744869696_.pic_-600x401.jpg 600w\" sizes=\"(max-width: 1216px) 100vw, 1216px\" \/> <em>Led Y\u0131kama Hareketli Kafa I\u015f\u0131\u011f\u0131<\/em><\/p>\n<h2>Y\u0131kama vs. Spot vs. I\u015f\u0131n - Aradaki Fark Nedir?<\/h2>\n<table>\n<thead>\n<tr>\n<th>\u00d6zellik<\/th>\n<th>Y\u0131kama Hareketli Ba\u015fl\u0131k<\/th>\n<th>Spot Hareketli Kafa<\/th>\n<th>I\u015f\u0131n Hareketli Kafa<\/th>\n<\/tr>\n<\/thead>\n<tbody>\n<tr>\n<td>I\u015f\u0131n A\u00e7\u0131s\u0131<\/td>\n<td>Geni\u015f (10\u00b0-60\u00b0)<\/td>\n<td>Orta (10\u00b0-30\u00b0)<\/td>\n<td>Dar (1\u00b0-3\u00b0)<\/td>\n<\/tr>\n<tr>\n<td>Ama\u00e7<\/td>\n<td>Renkli y\u0131kama<\/td>\n<td>Odaklanm\u0131\u015f desen\/gobo<\/td>\n<td>Keskin g\u00f6rsel \u0131\u015f\u0131nlar<\/td>\n<\/tr>\n<tr>\n<td>\u0130\u00e7in En \u0130yisi<\/td>\n<td>Arka plan, ambiyans<\/td>\n<td>\u00d6nemli Noktalar, Etkiler<\/td>\n<td>G\u00f6rsel etki, kul\u00fcpler<\/td>\n<\/tr>\n<tr>\n<td>Ortak G\u00fc\u00e7<\/td>\n<td>60W-600W+<\/td>\n<td>200W-700W<\/td>\n<td>100W-500W<\/td>\n<\/tr>\n<\/tbody>\n<\/table>\n<p>\u2705 <strong>Y\u0131kama = ambiyans + renk kapsam\u0131<\/strong><br \/>\n\u2705 <strong>Spot = odak + desen<\/strong><br \/>\n\u2705 <strong>I\u015f\u0131n = enerji + yumruk<\/strong><br \/>\n<img decoding=\"async\" src=\"https:\/\/aolait.com\/wp-content\/uploads\/2020\/10\/82577813_484090965854848_8183616022780051456_n.jpg\" alt=\"Led y\u0131kama hareketli kafa efekti\" width=\"600\" height=\"399\" class=\"size-full wp-image-1973\" srcset=\"https:\/\/aolait.com\/wp-content\/uploads\/2020\/10\/82577813_484090965854848_8183616022780051456_n.jpg 600w, https:\/\/aolait.com\/wp-content\/uploads\/2020\/10\/82577813_484090965854848_8183616022780051456_n-300x200.jpg 300w\" sizes=\"(max-width: 600px) 100vw, 600px\" \/> <em>Led y\u0131kama hareketli kafa efekti<\/em><\/p>\n<h2>Y\u0131kama Hareketli Kafa Lambalar\u0131 Ne \u0130\u00e7in Kullan\u0131l\u0131r?<\/h2>\n<p>Y\u0131kama hareketli ba\u015fl\u0131klar\u0131 \u00e7ok y\u00f6nl\u00fcd\u00fcr ve yayg\u0131n olarak kullan\u0131l\u0131r:<\/p>\n<ul>\n<li><strong>Konserler &amp; Turlar<\/strong> - Renkli sahne ortamlar\u0131 yaratma<\/li>\n<li><strong>Tiyatro<\/strong> - Ruh halini ve sahne ge\u00e7i\u015flerini iyile\u015ftirme<\/li>\n<li><strong>D\u00fc\u011f\u00fcnler &amp; Kurumsal Etkinlikler<\/strong> - Yumu\u015fak arka plan ayd\u0131nlatmas\u0131<\/li>\n<li><strong>TV St\u00fcdyolar\u0131<\/strong> - Tutarl\u0131, titre\u015fimsiz ayd\u0131nlatma sa\u011flar<\/li>\n<li><strong>Kul\u00fcpler &amp; DJ'ler<\/strong> - M\u00fczikle senkronize renk taramalar\u0131<\/li>\n<\/ul>\n<h2>Pop\u00fcler Y\u0131kama Hareketli Ba\u015fl\u0131k T\u00fcrleri<\/h2>\n<h3>1. LED Y\u0131kama Hareketli Ba\u015fl\u0131k<\/h3>\n<ul>\n<li>Enerji verimlili\u011fi<\/li>\n<li>Uzun \u00f6m\u00fcr (30.000-50.000 saat)<\/li>\n<li>H\u0131zl\u0131 renk kar\u0131\u015ft\u0131rma<\/li>\n<li>RGBW, RGBWA ve RGBAW+UV olarak mevcuttur<\/li>\n<\/ul>\n<h3>2. Lamba Tabanl\u0131 Y\u0131kama<\/h3>\n<ul>\n<li>G\u00fc\u00e7l\u00fc parlakl\u0131k<\/li>\n<li>B\u00fcy\u00fck \u00f6l\u00e7ekli etkinliklerde kullan\u0131l\u0131r<\/li>\n<li>Daha k\u0131sa kullan\u0131m \u00f6mr\u00fc (1000-2000 saat)<\/li>\n<\/ul>\n<h3>3. Hibrit Y\u0131kama (Yak\u0131nla\u015ft\u0131rma + I\u015f\u0131n + Spot)<\/h3>\n<ul>\n<li>Y\u0131kama ile spot ve \u0131\u015f\u0131n \u00f6zelliklerini birle\u015ftirir<\/li>\n<li>Turne ve kurulumlar i\u00e7in esnek kullan\u0131m<\/li>\n<\/ul>\n<h2>I\u015f\u0131k Kayna\u011f\u0131 Kar\u015f\u0131la\u015ft\u0131rmas\u0131<\/h2>\n<table>\n<thead>\n<tr>\n<th>I\u015f\u0131k Kayna\u011f\u0131<\/th>\n<th>Parlakl\u0131k<\/th>\n<th>Ya\u015fam S\u00fcresi<\/th>\n<th>Renk Kar\u0131\u015ft\u0131rma<\/th>\n<th>Maliyet<\/th>\n<\/tr>\n<\/thead>\n<tbody>\n<tr>\n<td>LED<\/td>\n<td>Y\u00fcksek<\/td>\n<td>30K-50Kh<\/td>\n<td>M\u00fckemmel<\/td>\n<td>Orta-Y\u00fcksek<\/td>\n<\/tr>\n<tr>\n<td>Lamba<\/td>\n<td>\u00c7ok Y\u00fcksek<\/td>\n<td>1K-2Kh<\/td>\n<td>Ortalama<\/td>\n<td>Orta<\/td>\n<\/tr>\n<tr>\n<td>Lazer (yeni)<\/td>\n<td>Ultra Y\u00fcksek<\/td>\n<td>20K+<\/td>\n<td>Geli\u015fen teknoloji<\/td>\n<td>Y\u00fcksek<\/td>\n<\/tr>\n<\/tbody>\n<\/table>\n<p><img decoding=\"async\" src=\"https:\/\/aolait.com\/wp-content\/uploads\/2023\/05\/6.jpg\" alt=\"7x40w led y\u0131kama hareketli kafa \" width=\"787\" height=\"849\" class=\"size-full wp-image-4255\" srcset=\"https:\/\/aolait.com\/wp-content\/uploads\/2023\/05\/6.jpg 787w, https:\/\/aolait.com\/wp-content\/uploads\/2023\/05\/6-278x300.jpg 278w, https:\/\/aolait.com\/wp-content\/uploads\/2023\/05\/6-768x829.jpg 768w, https:\/\/aolait.com\/wp-content\/uploads\/2023\/05\/6-600x647.jpg 600w\" sizes=\"(max-width: 787px) 100vw, 787px\" \/> <em>7x40w led y\u0131kama hareketli kafa<\/em><\/p>\n<h2>Y\u0131kama Hareketli Ba\u015fl\u0131k I\u015f\u0131\u011f\u0131 Nas\u0131l Kontrol Edilir?<\/h2>\n<p>Modern y\u0131kama hareketli ba\u015fl\u0131klar\u0131n\u0131n \u00e7o\u011fu <strong>DMX512<\/strong> Protokol.<\/p>\n<h3>Temel Kurulum:<\/h3>\n<ol>\n<li>DMX kontrol \u00fcnitesini XLR kablosu (3-pin veya 5-pin) ile y\u0131kama kafas\u0131na ba\u011flay\u0131n<\/li>\n<li>Her bir armat\u00fcre DMX adresi atama<\/li>\n<li>Kontrol etmek i\u00e7in DMX kanallar\u0131n\u0131 kullan\u0131n:\n<ul>\n<li>Dimmer<\/li>\n<li>RGBW renk<\/li>\n<li>Yak\u0131nla\u015ft\u0131r<\/li>\n<li>Pan\/E\u011fme<\/li>\n<li>Strobe<\/li>\n<\/ul>\n<\/li>\n<\/ol>\n<p>Ayr\u0131ca mevcut: <strong>kablosuz DMX<\/strong> daha h\u0131zl\u0131 kurulum i\u00e7in se\u00e7enekler.<\/p>\n<h2>Do\u011fru Y\u0131kama Ba\u015fl\u0131\u011f\u0131 Nas\u0131l Se\u00e7ilir?<\/h2>\n<p>Bir y\u0131kama ba\u015fl\u0131\u011f\u0131 sat\u0131n al\u0131rken a\u015fa\u011f\u0131dakileri g\u00f6z \u00f6n\u00fcnde bulundurun:<\/p>\n<ul>\n<li><strong>G\u00fc\u00e7<\/strong>: K\u00fc\u00e7\u00fck mekanlar i\u00e7in 60W, b\u00fcy\u00fck sahneler i\u00e7in 300W+<\/li>\n<li><strong>Yak\u0131nla\u015ft\u0131rma Aral\u0131\u011f\u0131<\/strong>: Ayarlanabilir \u0131\u015f\u0131n geni\u015fli\u011fi daha fazla esneklik sunar<\/li>\n<li><strong>Renk Sistemi<\/strong>: RGBW mi CMY mi? Daha fazla renk = daha fazla yarat\u0131c\u0131l\u0131k<\/li>\n<li><strong>\u0130n\u015fa etmek<\/strong>: D\u0131\u015f mekan kullan\u0131m\u0131 i\u00e7in IP dereceli mi?<\/li>\n<li><strong>Kontrol<\/strong>: RDM veya kablosuz DMX destekliyor mu?<\/li>\n<\/ul>\n<p>\ud83d\udca1 A\u00e7\u0131k hava etkinlikleri i\u00e7in \u015funlar\u0131 g\u00f6z \u00f6n\u00fcnde bulundurun <strong>IP65 s\u0131n\u0131f\u0131 y\u0131kama hareketli ba\u015fl\u0131klar\u0131<\/strong>.<\/p>\n<h2>S\u0131k Sorulan Sorular (SSS)<\/h2>\n<h3>Y\u0131kama ve nokta hareketli ba\u015fl\u0131k aras\u0131ndaki fark nedir?<\/h3>\n<p>Y\u0131kama \u0131\u015f\u0131klar\u0131 yumu\u015fak, geni\u015f renk alanlar\u0131 yarat\u0131r; spot \u0131\u015f\u0131klar odaklanm\u0131\u015f \u0131\u015f\u0131nlar ve desenler olu\u015fturur.<\/p>\n<h3>Y\u0131kamal\u0131 hareketli ba\u015fl\u0131k d\u00fc\u011f\u00fcnler veya k\u00fc\u00e7\u00fck sahneler i\u00e7in iyi midir?<\/h3>\n<p>Kesinlikle! 60W'l\u0131k bir y\u0131kama ba\u015fl\u0131\u011f\u0131 bile 5x5m'lik bir alan\u0131 canl\u0131 renklerle g\u00fczelce kaplayabilir.<\/p>\n<h3>Bir kontrol\u00f6r bir\u00e7ok y\u0131kama lambas\u0131n\u0131 y\u00f6netebilir mi?<\/h3>\n<p>Evet, DMX papatya dizimi ve her armat\u00fcr i\u00e7in benzersiz adresler ile.<\/p>\n<h2>Aolait Y\u0131kama Hareketli Ba\u015fl\u0131klar\u0131n\u0131 Ke\u015ffedin<\/h2>\n<p>Aolait'te \u00e7ok \u00e7e\u015fitli profesyonel hizmetler sunuyoruz <strong><a href=\"https:\/\/aolait.com\/tr\/product-category\/led-wash-moving-head\/\" title=\"hareketli farlar\u0131 y\u0131kay\u0131n\">hareketli farlar\u0131 y\u0131kay\u0131n<\/a><\/strong> dahil:<\/p>\n<ul>\n<li>\ud83d\udca1 <strong>150W RGBW Zoom Y\u0131kama<\/strong> - Kompakt, sessiz, d\u00fc\u011f\u00fcnler i\u00e7in m\u00fckemmel<\/li>\n<li>\ud83d\udca1 <strong>300W IP65 Y\u0131kama<\/strong> - T\u00fcm hava ko\u015fullar\u0131nda d\u0131\u015f mekan performans\u0131<\/li>\n<li>\ud83d\udca1 <strong>LED Hibrit Y\u0131kama\/Spot<\/strong> - Mobil DJ'ler i\u00e7in hepsi bir arada \u00e7\u00f6z\u00fcm<\/li>\n<\/ul>\n<p>\ud83d\uded2 <a href=\"https:\/\/aolait.com\/tr\/product-category\/led-wash-moving-head\/\">T\u00fcm Y\u0131kama Hareketli Ba\u015fl\u0131klar\u0131na bak\u0131n \u2192<\/a><\/p>\n<h2>Sonu\u00e7<\/h2>\n<p><strong>Hareketli farlar\u0131 y\u0131kay\u0131n<\/strong> are the unsung heroes of stage lighting \u2014 creating atmosphere, depth, and emotion. Whether you&#8217;re a beginner or a pro designer, understanding how they work and how to choose the right one can transform your next event.<\/p>\n<p>Y\u0131kama lambalar\u0131 koleksiyonumuzu ke\u015ffetmeye haz\u0131r m\u0131s\u0131n\u0131z? Ziyaret edin <a href=\"https:\/\/aolait.com\/tr\/product\/\">aolait.com<\/a> daha fazlas\u0131 i\u00e7in.<\/p>\n<ul>\n<li><a href=\"https:\/\/aolait.com\/tr\/blog\/how-to-control-moving-head-lights\/\">Hareketli Kafa Lambalar\u0131 Nas\u0131l Kontrol Edilir<\/a><\/li>\n<li><a href=\"https:\/\/aolait.com\/tr\/blog\/ip65-moving-head-lights\/\">IP65 S\u0131n\u0131f\u0131 Hareketli I\u015f\u0131klar: D\u0131\u015f Mekan Ayd\u0131nlatmas\u0131n\u0131n Gelece\u011fi<\/a><\/li>\n<\/ul>","protected":false},"excerpt":{"rendered":"<p>Wash moving head lights are essential tools in the world of stage lighting. Whether you&#8217;re lighting up a concert, wedding, club, or theater, these fixtures create soft, colorful washes that fill the stage with atmosphere and emotion. But what exactly is a wash moving head, and how is it different from other types of lights [&hellip;]<\/p>\n","protected":false},"author":1,"featured_media":12031,"comment_status":"open","ping_status":"open","sticky":false,"template":"","format":"standard","meta":{"_acf_changed":false,"_seopress_robots_primary_cat":"none","_seopress_titles_title":"Wash Moving Head Lights: What They Are and How to Choose","_seopress_titles_desc":"Learn what wash moving head lights are, how they compare to spot and beam, and how to choose the best fixture for your stage or event","_seopress_robots_index":"","footnotes":""},"categories":[104,91],"tags":[],"class_list":{"0":"post-12081","1":"post","2":"type-post","3":"status-publish","4":"format-standard","5":"has-post-thumbnail","7":"category-blog","8":"category-industrial-information"},"acf":[],"_links":{"self":[{"href":"https:\/\/aolait.com\/tr\/wp-json\/wp\/v2\/posts\/12081","targetHints":{"allow":["GET"]}}],"collection":[{"href":"https:\/\/aolait.com\/tr\/wp-json\/wp\/v2\/posts"}],"about":[{"href":"https:\/\/aolait.com\/tr\/wp-json\/wp\/v2\/types\/post"}],"author":[{"embeddable":true,"href":"https:\/\/aolait.com\/tr\/wp-json\/wp\/v2\/users\/1"}],"replies":[{"embeddable":true,"href":"https:\/\/aolait.com\/tr\/wp-json\/wp\/v2\/comments?post=12081"}],"version-history":[{"count":2,"href":"https:\/\/aolait.com\/tr\/wp-json\/wp\/v2\/posts\/12081\/revisions"}],"predecessor-version":[{"id":12085,"href":"https:\/\/aolait.com\/tr\/wp-json\/wp\/v2\/posts\/12081\/revisions\/12085"}],"wp:featuredmedia":[{"embeddable":true,"href":"https:\/\/aolait.com\/tr\/wp-json\/wp\/v2\/media\/12031"}],"wp:attachment":[{"href":"https:\/\/aolait.com\/tr\/wp-json\/wp\/v2\/media?parent=12081"}],"wp:term":[{"taxonomy":"category","embeddable":true,"href":"https:\/\/aolait.com\/tr\/wp-json\/wp\/v2\/categories?post=12081"},{"taxonomy":"post_tag","embeddable":true,"href":"https:\/\/aolait.com\/tr\/wp-json\/wp\/v2\/tags?post=12081"}],"curies":[{"name":"wp","href":"https:\/\/api.w.org\/{rel}","templated":true}]}}